{"id":1642,"date":"2021-10-18T17:16:55","date_gmt":"2021-10-18T15:16:55","guid":{"rendered":"https:\/\/vocella.de\/?p=1642"},"modified":"2021-10-18T17:16:55","modified_gmt":"2021-10-18T15:16:55","slug":"nach-der-ernte-im-valpolicella","status":"publish","type":"post","link":"https:\/\/vocella.de\/index.php\/allgemein\/nach-der-ernte-im-valpolicella\/","title":{"rendered":"Nach der Ernte im Valpolicella"},"content":{"rendered":"<p>Nach zwei Jahren (Corona bedingter) Pause, konnte ich nun endlich wieder in mein hei\u00df geliebtes Italien reisen. Und nat\u00fcrlich musste ich in \u201emeinem\u201c Valpolicella nach dem \u201eRechten sehen\u201c. Au\u00dfergew\u00f6hnlich und interessant \u2013 das erste Mal im Oktober nachdem die meisten Winzer gerade ihre Ernte beendet hatten. \u00dcberall standen die Hallen und Dachb\u00f6den voll mit Trauben zur Trocknung. Die Stahlbottiche alle wohl gef\u00fcllt mit frisch g\u00e4rendem Classico.<\/p>\n<p><strong><img loading=\"lazy\" decoding=\"async\" data-attachment-id=\"1649\" data-permalink=\"https:\/\/vocella.de\/index.php\/allgemein\/nach-der-ernte-im-valpolicella\/attachment\/2021-10-13-15-11-41\/\" data-orig-file=\"https:\/\/vocella.de\/wp-content\/uploads\/2021\/10\/2021-10-13-15.11.41-scaled.jpg\" data-orig-size=\"1920,2560\" data-comments-opened=\"1\" data-image-meta=\"{&quot;aperture&quot;:&quot;1.8&quot;,&quot;credit&quot;:&quot;&quot;,&quot;camera&quot;:&quot;iPhone SE (2nd generation)&quot;,&quot;caption&quot;:&quot;&quot;,&quot;created_timestamp&quot;:&quot;1634137901&quot;,&quot;copyright&quot;:&quot;&quot;,&quot;focal_length&quot;:&quot;3.99&quot;,&quot;iso&quot;:&quot;125&quot;,&quot;shutter_speed&quot;:&quot;0.02&quot;,&quot;title&quot;:&quot;&quot;,&quot;orientation&quot;:&quot;1&quot;}\" data-image-title=\"Marzadro Destillationsbottich\" data-image-description=\"\" data-image-caption=\"\" data-medium-file=\"https:\/\/vocella.de\/wp-content\/uploads\/2021\/10\/2021-10-13-15.11.41-450x600.jpg\" data-large-file=\"https:\/\/vocella.de\/wp-content\/uploads\/2021\/10\/2021-10-13-15.11.41-960x1280.jpg\" class=\"alignright wp-image-1649\" src=\"https:\/\/vocella.de\/wp-content\/uploads\/2021\/10\/2021-10-13-15.11.41-165x220.jpg\" alt=\"Marzadro Destillationsbottich\" width=\"320\" height=\"427\" srcset=\"https:\/\/vocella.de\/wp-content\/uploads\/2021\/10\/2021-10-13-15.11.41-165x220.jpg 165w, https:\/\/vocella.de\/wp-content\/uploads\/2021\/10\/2021-10-13-15.11.41-450x600.jpg 450w, https:\/\/vocella.de\/wp-content\/uploads\/2021\/10\/2021-10-13-15.11.41-960x1280.jpg 960w, https:\/\/vocella.de\/wp-content\/uploads\/2021\/10\/2021-10-13-15.11.41-1152x1536.jpg 1152w, https:\/\/vocella.de\/wp-content\/uploads\/2021\/10\/2021-10-13-15.11.41-1536x2048.jpg 1536w, https:\/\/vocella.de\/wp-content\/uploads\/2021\/10\/2021-10-13-15.11.41-300x400.jpg 300w, https:\/\/vocella.de\/wp-content\/uploads\/2021\/10\/2021-10-13-15.11.41-225x300.jpg 225w, https:\/\/vocella.de\/wp-content\/uploads\/2021\/10\/2021-10-13-15.11.41-scaled.jpg 1920w\" sizes=\"(max-width: 320px) 100vw, 320px\" \/>Distilleria Marzadro<\/strong><br \/>\nErneut bei Marzadro vorbei geschaut. Alle Destillations-Anlagen liefen auf Hochtouren, alles blubberte, tropfte und dampfte. Ein unbeschreiblicher Geruch hing in der Luft. Viertelst\u00fcndlich kam ein LKW mit Trester in den Hof. Das nimmerm\u00fcde Team von Marzadro hatte schon wieder einen Haufen Neuigkeiten in petto: Grappa in Rum-F\u00e4ssern ausgebaut (omg), Grappa in Whiskey-F\u00e4ssern ausgebaut sowie zwei neue Gin-Sorten.<br \/>\n<a href=\"https:\/\/marzadro.it\/\" target=\"_blank\" rel=\"noopener\">https:\/\/marzadro.it\/<\/a><\/p>\n<p><strong>Agriturismo Casa Zen<\/strong><br \/>\nNat\u00fcrlich wieder bei Ilenia und Franco untergebracht. Mittlerweile sind die beiden mit zwei Oliven-\u00d6len im Gambero-Rosso des \u00d6ls vertreten. Auch wein-technisch weiter auf dem Vormarsch. Der Classico schon tadellos, der Ripasso und der Amarone ben\u00f6tigen noch 3-4 Jahre im Keller, versprechen aber danach enormes Potential. Und erste vielversprechende Experimente mit Recioto.<br \/>\nWeit \u00fcber allem schwebt aber die Herzlichkeit und Gastfreundschaft der beiden. <a href=\"http:\/\/www.agriturismocasazen.it\/\" target=\"_blank\" rel=\"noopener\">http:\/\/www.agriturismocasazen.it\/<\/a><\/p>\n<p><strong>Corte Bravi<\/strong><br \/>\nErste Neuentdeckung des diesj\u00e4hrigen Trips. Zwei Br\u00fcder stellen den Betrieb des Vaters seit 2011 auf biologischen Weinbau um. Jetzt werden so langsam die ersten Meriten verdient. Die komplette Valpolicella-Linie plus zwei \u00dcberraschungen: \u201eVivace\u201c \u2013 ein unfiltriert abgef\u00fcllter Schaumwein aus Corvinone. Der arbeitet noch, ist also quasi ein Pet-Nat. Sowie der \u201eTimido\u201c &#8211; ein \u201eblanc de noir\u201c aus Rondinella und Molinara. D\u00fcrfte absolutes Alleinstellungsmerkmal im Valpolicella sein. \u00dcberraschend w\u00fcrziger Wei\u00dfwein. \u00dcber die Winzer und die Weine werde ich nat\u00fcrlich sp\u00e4ter intensiver berichten. <a href=\"https:\/\/www.cortebravi.com\/de\/\" target=\"_blank\" rel=\"noopener\">https:\/\/www.cortebravi.com\/de\/<\/a><\/p>\n<p>Dann noch einige Wiederholungsbesuche bei bekannten Winzern, um die Best\u00e4nde aufzuf\u00fcllen und Neuigkeiten zu testen.<\/p>\n<p><strong>Speri<\/strong><br \/>\nWie immer \u00fcber alle Zweifel erhaben. Der aktuelle <a title=\"Speri Valpolicella DOC Classico Superiore Sant\u2018 Urbano\" href=\"https:\/\/vocella.de\/index.php\/weine\/rotweine\/speri-valpolicella-doc-classico-superiore-sant-urbano\/\">Amarone<\/a> spielt wieder in der Champions-League. Grandios! Nochmal etwas Recioto gebunkert f\u00fcr das kommende Special. Trotz Corona und Krise in der Gastronomie und dem Wein-Tourismus weigert Speri sich beharrlich, seine Preise nach oben zu schrauben. Einfach unfassbar zu welchen Kursen, die ihre Weine anbieten. Preis\/Leistung at it\u2018s best. <a href=\"https:\/\/www.speri.com\/\" target=\"_blank\" rel=\"noopener\">https:\/\/www.speri.com\/<\/a><\/p>\n<p><strong>La Dama<\/strong><br \/>\nNachwievor einer der besseren Classicos. Hingefahren bin ich aber eigentlich, um den Grappa zu holen \ud83d\ude09 Klarer Grappa, nicht im Barrique ausgebaut, aber trotzdem sooo mild, weich und aromatisch. <a href=\"https:\/\/www.ladamavini.it\" target=\"_blank\" rel=\"noopener\">https:\/\/www.ladamavini.it<\/a><\/p>\n<p><strong>Falezze<\/strong><br \/>\nWinzer wie <a title=\"Azienda Agricola Falezze\" href=\"https:\/\/vocella.de\/index.php\/winzer\/valpolicella\/azienda-agricola-falezze\/\">Luca Anselmi<\/a>, welche nahezu ausschlie\u00dflich an die Gastronomie liefern, haben die letzten zwei Jahre besonders hart getroffen. Dennoch oder vielleicht auch gerade deswegen, schiebt Luca ein Projekt nach dem n\u00e4chsten an. Sein letztes Baby \u2013 der Oseleta \u2013 ist jetzt eigentlich fertig. Sehr limitierte St\u00fcckzahl, da d\u00fcrften vermutlich \u00fcberhaupt keine Flaschen in den freien Verkauf gehen. Das Cuve\u00e9 aus Oseleta und Corvinone ist unfassbar komplex in der Aromatik. Einerseits klassisches Valpolicella, andererseits wieder so gar nicht. Zwar komplex, aber nicht auf eine akademische Art und Weise, so dass nur Sommeliers etwas davon h\u00e4tten \u2013 nein das ist Trinkvergn\u00fcgen pur f\u00fcr den anspruchsvollen Weinkenner. Projekte in der Pipeline: Ein Amarone Riserva, sowie ein noch geheimes Projekt. Nur soviel \u2013 es wird in der Flasche g\u00e4ren ;-o.<\/p>\n<p><a href=\"http:\/\/www.falezze.it\/\" target=\"_blank\" rel=\"noopener\">http:\/\/www.falezze.it\/<\/a><\/p>\n","protected":false},"excerpt":{"rendered":"<p>Nach zwei Jahren (Corona bedingter) Pause, konnte ich nun endlich wieder in mein hei\u00df geliebtes Italien reisen. Und nat\u00fcrlich musste ich in \u201emeinem\u201c Valpolicella nach dem \u201eRechten sehen\u201c. Au\u00dfergew\u00f6hnlich und interessant \u2013 das erste Mal im Oktober nachdem die meisten [&hellip;]<\/p>\n","protected":false},"author":1,"featured_media":1645,"comment_status":"open","ping_status":"open","sticky":false,"template":"","format":"standard","meta":{"jetpack_post_was_ever_published":false,"_jetpack_newsletter_access":"","_jetpack_dont_email_post_to_subs":false,"_jetpack_newsletter_tier_id":0,"_jetpack_memberships_contains_paywalled_content":false,"_jetpack_memberships_contains_paid_content":false,"footnotes":"","jetpack_publicize_message":"Nach der Ernte im Valpolicella","jetpack_publicize_feature_enabled":true,"jetpack_social_post_already_shared":true,"jetpack_social_options":{"image_generator_settings":{"template":"highway","enabled":false},"version":2}},"categories":[1,173],"tags":[12,156,19,13,18,2],"class_list":["post-1642","post","type-post","status-publish","format-standard","has-post-thumbnail","hentry","category-allgemein","category-valpolicella","tag-amarone","tag-bio-weinbau","tag-oseleta","tag-ripasso","tag-rondinella","tag-valpolicella"],"jetpack_publicize_connections":[],"aioseo_notices":[],"jetpack_featured_media_url":"https:\/\/vocella.de\/wp-content\/uploads\/2021\/10\/wine-sunset.jpg","jetpack_shortlink":"https:\/\/wp.me\/p6ozF3-qu","jetpack_sharing_enabled":true,"_links":{"self":[{"href":"https:\/\/vocella.de\/index.php\/wp-json\/wp\/v2\/posts\/1642"}],"collection":[{"href":"https:\/\/vocella.de\/index.php\/wp-json\/wp\/v2\/posts"}],"about":[{"href":"https:\/\/vocella.de\/index.php\/wp-json\/wp\/v2\/types\/post"}],"author":[{"embeddable":true,"href":"https:\/\/vocella.de\/index.php\/wp-json\/wp\/v2\/users\/1"}],"replies":[{"embeddable":true,"href":"https:\/\/vocella.de\/index.php\/wp-json\/wp\/v2\/comments?post=1642"}],"version-history":[{"count":0,"href":"https:\/\/vocella.de\/index.php\/wp-json\/wp\/v2\/posts\/1642\/revisions"}],"wp:featuredmedia":[{"embeddable":true,"href":"https:\/\/vocella.de\/index.php\/wp-json\/wp\/v2\/media\/1645"}],"wp:attachment":[{"href":"https:\/\/vocella.de\/index.php\/wp-json\/wp\/v2\/media?parent=1642"}],"wp:term":[{"taxonomy":"category","embeddable":true,"href":"https:\/\/vocella.de\/index.php\/wp-json\/wp\/v2\/categories?post=1642"},{"taxonomy":"post_tag","embeddable":true,"href":"https:\/\/vocella.de\/index.php\/wp-json\/wp\/v2\/tags?post=1642"}],"curies":[{"name":"wp","href":"https:\/\/api.w.org\/{rel}","templated":true}]}}