{"id":1755,"date":"2022-06-30T19:21:01","date_gmt":"2022-06-30T17:21:01","guid":{"rendered":"https:\/\/vocella.de\/?p=1755"},"modified":"2022-06-30T19:21:05","modified_gmt":"2022-06-30T17:21:05","slug":"corte-bravi-bio-weine-aus-dem-valpolicella-classico","status":"publish","type":"post","link":"https:\/\/vocella.de\/index.php\/winzer\/valpolicella\/corte-bravi-bio-weine-aus-dem-valpolicella-classico\/","title":{"rendered":"Corte Bravi &#8211; Bio-Weine aus dem Valpolicella Classico"},"content":{"rendered":"\n<p>Corte Bravi ist ein recht junges Unternehmen, obwohl der Vater der heutigen Betreiber (Andrea und Ivano Brunelli) schon 1990 die ersten Fl\u00e4chen am heutigen Standort erwarb. Wie so oft wurden die Trauben allerdings nur f\u00fcr den Eigenbedarf genutzt oder an andere Winzer verkauft.<\/p>\n\n\n\n<p>Erst 2011 wagten die beiden Br\u00fcder Andrea und Ivano den Sprung in die Eigenst\u00e4ndigkeit und gr\u00fcndeten die Societ\u00e0 Agricola Corte Bravi. Die rund 5ha der Familie liegen in einer flachen Lage an den letzten Ausl\u00e4ufern der lessinischen Berge, grob zu verorten im Dreieck Sant\u2018 Ambrogio &#8211; Fumane &#8211; San Pietro in Cariano, also mitten im Herzen des <a href=\"https:\/\/vocella.de\/index.php\/allgemein\/die-weine-des-valpolicella\/\" title=\"Die Weine und Klassifizierungen des Valpolicella\">Valpolicella Classico<\/a>. Die Rebfl\u00e4chen weisen gr\u00f6\u00dftenteils eine S\u00fcd\/S\u00fcd-Ost-Exposition auf, der Boden wird dominiert von Kalk-Tuff-Gestein.<\/p>\n\n\n\n<div style=\"float:right;margin:10px 0 10px 10px;\"><iframe src=\"https:\/\/www.google.com\/maps\/embed?pb=!1m18!1m12!1m3!1d2795.1453597648565!2d10.863374215758089!3d45.527280337252826!2m3!1f0!2f0!3f0!3m2!1i1024!2i768!4f13.1!3m3!1m2!1s0x4781e4d87405989f%3A0x1e6f1aa0366b48b8!2sSociet%C3%A0%20Agricola%20CORTE%20BRAVI!5e0!3m2!1sde!2sde!4v1656607979430!5m2!1sde!2sde\" width=\"360\" height=\"250\" style=\"border:0;\" allowfullscreen=\"\" loading=\"lazy\" referrerpolicy=\"no-referrer-when-downgrade\"><\/iframe><\/div>\n\n\n\n<p>Von Beginn an hatte man die Zertifizierung als <a href=\"https:\/\/vocella.de\/index.php\/allgemein\/bio-biodynamisch-naturwein-bedeutung-und-definition\/\" title=\"Bio, biodynamisch, Naturwein \u2013 Bedeutung und Definition\">Bio-Betrieb<\/a> im Sinn, welche schlie\u00dflich 2015 erfolgte. Alle Arbeiten in den Weinbergen und im Keller erfolgen unter der Ma\u00dfgabe der \u00d6kologie und der Nachhaltigkeit. Ged\u00fcngt wird nur mittels Gr\u00fcnd\u00fcngung zwischen den Reben (was gleichzeitig die Verdunstung und Erosion hemmt), es kommen keine Insektizide oder Pestizide zum Einsatz. Bei der Vinifizierung hat man sich der Spontanfermentation verschrieben, es kommen also keine steuernden oder aromatisierenden Zucht-Hefen in Frage. Der gesamte genutzte Strom stammt aus erneuerbaren Quellen, der gr\u00f6\u00dfte Teil davon aus den eigenen Photovoltaikanlagen. Mit diesem Vorgehen wurde man 2019 Mitglied bei <a href=\"https:\/\/www.vinnatur.org\/\" target=\"_blank\" rel=\"noreferrer noopener\">Vinnatur<\/a>, einem italienischen Bio-Winzer-Verband, dessen Kriterien noch weit \u00fcber die \u201enormale\u201c Bio-Wein-Zertifizierung hinausgehen. Corte Bravi produziert also quasi, bis auf minimale Sulfit-Zugaben, Natur-Wein.<\/p>\n\n\n\n<p>Angebaut werden die klassischen Valpolicella-Sorten, sowie einige kleine Parzellen mit Merlot und Cabernet. Folgerichtig werden auch fast nur die Klassiker der Region produziert, bis auf einige interessante Ausnahmen.<\/p>\n\n\n\n<p>Ich hatte vergangenes Jahr das Vergn\u00fcgen, den Betrieb zu besuchen und alle Weine zu verkosten. Eigentlich mit Andrea Brunelli verabredet, der aber kurzfristig absagen musste, lie\u00df der Empfang durch \u201eNonna\u201c Brunelli aber nichts an Herzlichkeit, Freundlichkeit und Weinkenntnis vermissen.<br \/>Ein Betrieb wie ich ihn liebe \u2013 kleiner Familienbetrieb, der sich mit Leib und Seele den heimischen Sorten und der Bio-Produktion verschrieben hat, aber dennoch h\u00f6chsten Wert auf Qualit\u00e4tsweine legt und dabei auch gerne mit Neuerungen ins Risiko geht.<\/p>\n\n\n\n<figure class=\"wp-block-image size-large\"><img loading=\"lazy\" decoding=\"async\" width=\"1950\" height=\"917\" data-attachment-id=\"1759\" data-permalink=\"https:\/\/vocella.de\/index.php\/winzer\/valpolicella\/corte-bravi-bio-weine-aus-dem-valpolicella-classico\/attachment\/vini-di-corte-bravi\/\" data-orig-file=\"https:\/\/vocella.de\/wp-content\/uploads\/2022\/06\/vini-di-corte-bravi.jpg\" data-orig-size=\"2127,1000\" data-comments-opened=\"1\" data-image-meta=\"{&quot;aperture&quot;:&quot;0&quot;,&quot;credit&quot;:&quot;&quot;,&quot;camera&quot;:&quot;&quot;,&quot;caption&quot;:&quot;&quot;,&quot;created_timestamp&quot;:&quot;0&quot;,&quot;copyright&quot;:&quot;&quot;,&quot;focal_length&quot;:&quot;0&quot;,&quot;iso&quot;:&quot;0&quot;,&quot;shutter_speed&quot;:&quot;0&quot;,&quot;title&quot;:&quot;&quot;,&quot;orientation&quot;:&quot;0&quot;}\" data-image-title=\"vini-di-corte-bravi\" data-image-description=\"\" data-image-caption=\"\" data-medium-file=\"https:\/\/vocella.de\/wp-content\/uploads\/2022\/06\/vini-di-corte-bravi-800x376.jpg\" data-large-file=\"https:\/\/vocella.de\/wp-content\/uploads\/2022\/06\/vini-di-corte-bravi-1950x917.jpg\" src=\"https:\/\/vocella.de\/wp-content\/uploads\/2022\/06\/vini-di-corte-bravi-1950x917.jpg\" alt=\"\" class=\"wp-image-1759\" srcset=\"https:\/\/vocella.de\/wp-content\/uploads\/2022\/06\/vini-di-corte-bravi-1950x917.jpg 1950w, https:\/\/vocella.de\/wp-content\/uploads\/2022\/06\/vini-di-corte-bravi-800x376.jpg 800w, https:\/\/vocella.de\/wp-content\/uploads\/2022\/06\/vini-di-corte-bravi-220x103.jpg 220w, https:\/\/vocella.de\/wp-content\/uploads\/2022\/06\/vini-di-corte-bravi-1536x722.jpg 1536w, https:\/\/vocella.de\/wp-content\/uploads\/2022\/06\/vini-di-corte-bravi-2048x963.jpg 2048w, https:\/\/vocella.de\/wp-content\/uploads\/2022\/06\/vini-di-corte-bravi-1170x550.jpg 1170w, https:\/\/vocella.de\/wp-content\/uploads\/2022\/06\/vini-di-corte-bravi-850x400.jpg 850w\" sizes=\"(max-width: 1950px) 100vw, 1950px\" \/><\/figure>\n\n\n\n<p><strong>Corte Bravi Valpolicella Classico DOC<\/strong><br \/>35% Corvina, 50% Corvinone, 15% Rondinella ca. 150m H\u00f6he, auf Kalk-Tuff-Schotter, auf ca. 200m H\u00f6he in Veroneser Pergola gezogen, jeweils handverlesen und selektiert, 12 Monate Reife im Stahltank, 5 Monate Flaschenreifung, keine Filtrierung.<\/p>\n\n\n\n<p><strong>Corte Bravi Valpolicella Classico Superiore DOC<\/strong><br \/>40% Corvina, 40% Corvinone, 15% Oseleta, 5% Rondinella, ca. 200m H\u00f6he, auf Kalk-Tuff-Schotter, in Pergola gezogen, jeweils handverlesen und selektiert, nach der Kaltmazeration erfolgt die spontane \u201ewarme\u201c G\u00e4rung f\u00fcr einen Monat, die eine H\u00e4lfte des Weines reift f\u00fcr 12 Monate in Barriques, die andere H\u00e4lfte in Stahltanks, 12 Monate Flaschenreife, keine Filtrierung.<\/p>\n\n\n\n<p><strong>Corte Bravi Amarone DOCG<\/strong><br \/>40% Corvina, 40% Corvinone, 15% Molinara, 5% Rondinella, ca. 200m H\u00f6he, auf Kalk-Tuff-Schotter, in Pergola gezogen, jeweils handverlesen und selektiert, Trocknung in Holzkisten bis Anfang Januar, 30 Tage G\u00e4rung im Tank, 36 Monate Reife in franz\u00f6sischer Eiche, 12 Monate Flaschenreife, keine Filtrierung.<\/p>\n\n\n\n<p><strong>Corte Bravi Timido IGT Verona Bianco<\/strong><br \/>(\u201eblanc de noir\u201c) 50% Rondinella, 50% Molinara, ca. 200m H\u00f6he, auf Kalkschotter, in Pergola gezogen, jeweils handverlesen und selektiert, sanfte Pressung direkt nach der Ernte, G\u00e4rung im Tank, 5 Monate Reife au Battonage, keine Filtrierung.<\/p>\n\n\n\n<p><strong>Corte Bravi Vivace IGT Verona Rosato Frizzante<\/strong><br \/>Schaumwein aus 100% Corvinone, ca. 200m H\u00f6he, auf Kalkschotter, in Pergola gezogen, jeweils handverlesen und selektiert, sanfte Pressung direkt nach der Ernte, G\u00e4rung im Tank, 6 Monate Reife im Tank, danach Zugabe von Corvinone-Most, keine Filtrierung.<\/p>\n\n\n\n<p><strong>Corte Bravi Bagarre IGT Verona Rosso<\/strong><br \/>50% Cabernet, 50% Merlot, ca. 200m H\u00f6he, auf Kalk-Tuff-Schotter, in Pergola gezogen, jeweils handverlesen und selektiert, Merlot-Trauben werden 1 Monat getrocknet bis zur Ernte der \u00fcberreifen Cabernet-Trauben, gemeinsame Einmaischung, 30 Tage 2-phasige G\u00e4rung im Tank, die eine H\u00e4lfte des Weines reift in F\u00e4ssern amerikanischer Eiche f\u00fcr 2 Jahre , die anderen im Tank, 6 Monate Flaschenreife, keine Filtrierung.<\/p>\n\n\n\n<p><strong>Corte Bravi Scatto IGT Verona Rosso<\/strong><br \/>100% Corvina, ca. 200m H\u00f6he, auf Kalk-Tuff-Schotter, in Pergola gezogen, jeweils handverlesen und selektiert, G\u00e4rung der frischen Trauben in Edelstahltank, danach 5-monatige Reifung in Ton-Amphoren, keine Filtrierung.<\/p>\n\n\n\n<p><strong>Corte Bravi Boccia Tafelwein<\/strong><br \/>100% Rondinella, ca. 200m H\u00f6he, auf Kalk-Tuff-Schotter, in Pergola gezogen, jeweils handverlesen und selektiert, G\u00e4rung der vollreifen Trauben in Edelstahltank, 2-3 Monate Reifung im Stahltank, keine Filtrierung.<\/p>\n\n\n\n<p>Die Valpolicella DOCs waren allesamt von guter bis sehr guter Qualit\u00e4t. Besonders der <a href=\"https:\/\/vocella.de\/index.php\/weine\/rotweine\/amarone\/amarone-della-valpolicella-ein-ueberblick\/\" title=\"Amarone della Valpolicella \u2013 ein \u00dcberblick\">Amarone<\/a> ist f\u00fcr den Preis ein absoluter Knaller. Der wird in den n\u00e4chsten Jahren noch von sich reden machen und hier auch noch intensiver beleuchtet werden. Eine gro\u00dfartige \u00dcberraschung war der Timido. Ein \u201eblanc de noir\u201c ist mir im Valpolicella sonst nicht bekannt. Frisch, mineralisch, s\u00e4urearm, aber nicht s\u00fc\u00df \u2013 ein absoluter Schmeichler. Nach wie vor ist es mir ein R\u00e4tsel warum die reinsortigen Weine, wie der Corvina oder der Rondinella, keinen Doc-Status bekommen, sondern hier als IGT oder Tafelwein verkauft werden m\u00fcssen. Aber sch\u00f6n, dass Andrea und Ivano sie trotzdem auf den Markt bringen.<\/p>\n\n\n\n<div style=\"border:1px solid #555;padding:15px;\">\n<strong>Societ\u00e0 Agricola Corte Bravi<\/strong>\n<ul>\n<li>St Ambrogio, Valpolicella, Veneto, Italien<\/li>\n<li>ca. 5ha Anbaufl\u00e4che<\/li>\n<li>rund 10.000 Flaschen Produktion<\/li>\n<li>Reben:  Corvina, Corvinone, Rondinella, Oseleta, Merlot, Cabernet<\/li>\n<li>Produkte: Valpolicella DOC\/DOCG  (Classico, Superiore, Amarone), Verona IGT, Schaumwein<\/li>\n<li><a href=\"https:\/\/www.cortebravi.com\" target=\"_blank\" rel=\"noopener\">https:\/\/www.cortebravi.com<\/a><\/li>\n<\/ul>\n<\/div>\n\n\n\n<figure class=\"wp-block-gallery has-nested-images columns-default is-cropped wp-block-gallery-1 is-layout-flex wp-block-gallery-is-layout-flex\">\n<figure class=\"wp-block-image size-large\"><img loading=\"lazy\" decoding=\"async\" width=\"960\" height=\"1280\" data-attachment-id=\"1762\" data-permalink=\"https:\/\/vocella.de\/index.php\/winzer\/valpolicella\/corte-bravi-bio-weine-aus-dem-valpolicella-classico\/attachment\/100-2\/\" data-orig-file=\"https:\/\/vocella.de\/wp-content\/uploads\/2022\/06\/100-2.jpg\" data-orig-size=\"1440,1920\" data-comments-opened=\"1\" data-image-meta=\"{&quot;aperture&quot;:&quot;1.8&quot;,&quot;credit&quot;:&quot;&quot;,&quot;camera&quot;:&quot;iPhone 7&quot;,&quot;caption&quot;:&quot;&quot;,&quot;created_timestamp&quot;:&quot;1607609782&quot;,&quot;copyright&quot;:&quot;&quot;,&quot;focal_length&quot;:&quot;3.99&quot;,&quot;iso&quot;:&quot;25&quot;,&quot;shutter_speed&quot;:&quot;0.02&quot;,&quot;title&quot;:&quot;&quot;,&quot;orientation&quot;:&quot;0&quot;}\" data-image-title=\"100-2\" data-image-description=\"\" data-image-caption=\"\" data-medium-file=\"https:\/\/vocella.de\/wp-content\/uploads\/2022\/06\/100-2-450x600.jpg\" data-large-file=\"https:\/\/vocella.de\/wp-content\/uploads\/2022\/06\/100-2-960x1280.jpg\" data-id=\"1762\" src=\"https:\/\/vocella.de\/wp-content\/uploads\/2022\/06\/100-2-960x1280.jpg\" alt=\"Photo \u00a9 by Corte Bravi\" class=\"wp-image-1762\" srcset=\"https:\/\/vocella.de\/wp-content\/uploads\/2022\/06\/100-2-960x1280.jpg 960w, https:\/\/vocella.de\/wp-content\/uploads\/2022\/06\/100-2-450x600.jpg 450w, https:\/\/vocella.de\/wp-content\/uploads\/2022\/06\/100-2-165x220.jpg 165w, https:\/\/vocella.de\/wp-content\/uploads\/2022\/06\/100-2-1152x1536.jpg 1152w, https:\/\/vocella.de\/wp-content\/uploads\/2022\/06\/100-2-1170x1560.jpg 1170w, https:\/\/vocella.de\/wp-content\/uploads\/2022\/06\/100-2-850x1133.jpg 850w, https:\/\/vocella.de\/wp-content\/uploads\/2022\/06\/100-2.jpg 1440w\" sizes=\"(max-width: 960px) 100vw, 960px\" \/><\/figure>\n\n\n\n<figure class=\"wp-block-image size-large\"><img loading=\"lazy\" decoding=\"async\" width=\"1201\" height=\"1201\" data-attachment-id=\"1760\" data-permalink=\"https:\/\/vocella.de\/index.php\/winzer\/valpolicella\/corte-bravi-bio-weine-aus-dem-valpolicella-classico\/attachment\/236d16d2-11e9-495b-af16-71f5e60ef7a5\/\" data-orig-file=\"https:\/\/vocella.de\/wp-content\/uploads\/2022\/06\/236D16D2-11E9-495B-AF16-71F5E60EF7A5.jpg\" data-orig-size=\"1201,1201\" data-comments-opened=\"1\" data-image-meta=\"{&quot;aperture&quot;:&quot;0&quot;,&quot;credit&quot;:&quot;&quot;,&quot;camera&quot;:&quot;&quot;,&quot;caption&quot;:&quot;&quot;,&quot;created_timestamp&quot;:&quot;0&quot;,&quot;copyright&quot;:&quot;&quot;,&quot;focal_length&quot;:&quot;0&quot;,&quot;iso&quot;:&quot;0&quot;,&quot;shutter_speed&quot;:&quot;0&quot;,&quot;title&quot;:&quot;&quot;,&quot;orientation&quot;:&quot;0&quot;}\" data-image-title=\"236D16D2-11E9-495B-AF16-71F5E60EF7A5\" data-image-description=\"\" data-image-caption=\"\" data-medium-file=\"https:\/\/vocella.de\/wp-content\/uploads\/2022\/06\/236D16D2-11E9-495B-AF16-71F5E60EF7A5-600x600.jpg\" data-large-file=\"https:\/\/vocella.de\/wp-content\/uploads\/2022\/06\/236D16D2-11E9-495B-AF16-71F5E60EF7A5.jpg\" data-id=\"1760\" src=\"https:\/\/vocella.de\/wp-content\/uploads\/2022\/06\/236D16D2-11E9-495B-AF16-71F5E60EF7A5.jpg\" alt=\"Photo \u00a9 by Corte Bravi\" class=\"wp-image-1760\" srcset=\"https:\/\/vocella.de\/wp-content\/uploads\/2022\/06\/236D16D2-11E9-495B-AF16-71F5E60EF7A5.jpg 1201w, https:\/\/vocella.de\/wp-content\/uploads\/2022\/06\/236D16D2-11E9-495B-AF16-71F5E60EF7A5-600x600.jpg 600w, https:\/\/vocella.de\/wp-content\/uploads\/2022\/06\/236D16D2-11E9-495B-AF16-71F5E60EF7A5-220x220.jpg 220w, https:\/\/vocella.de\/wp-content\/uploads\/2022\/06\/236D16D2-11E9-495B-AF16-71F5E60EF7A5-1170x1170.jpg 1170w, https:\/\/vocella.de\/wp-content\/uploads\/2022\/06\/236D16D2-11E9-495B-AF16-71F5E60EF7A5-850x850.jpg 850w, https:\/\/vocella.de\/wp-content\/uploads\/2022\/06\/236D16D2-11E9-495B-AF16-71F5E60EF7A5-350x350.jpg 350w, https:\/\/vocella.de\/wp-content\/uploads\/2022\/06\/236D16D2-11E9-495B-AF16-71F5E60EF7A5-75x75.jpg 75w\" sizes=\"(max-width: 1201px) 100vw, 1201px\" \/><\/figure>\n\n\n\n<figure class=\"wp-block-image size-large\"><img loading=\"lazy\" decoding=\"async\" width=\"960\" height=\"1280\" data-attachment-id=\"1765\" data-permalink=\"https:\/\/vocella.de\/index.php\/winzer\/valpolicella\/corte-bravi-bio-weine-aus-dem-valpolicella-classico\/attachment\/image1\/\" data-orig-file=\"https:\/\/vocella.de\/wp-content\/uploads\/2022\/06\/image1.jpg\" data-orig-size=\"1440,1920\" data-comments-opened=\"1\" data-image-meta=\"{&quot;aperture&quot;:&quot;0&quot;,&quot;credit&quot;:&quot;&quot;,&quot;camera&quot;:&quot;&quot;,&quot;caption&quot;:&quot;&quot;,&quot;created_timestamp&quot;:&quot;0&quot;,&quot;copyright&quot;:&quot;&quot;,&quot;focal_length&quot;:&quot;0&quot;,&quot;iso&quot;:&quot;0&quot;,&quot;shutter_speed&quot;:&quot;0&quot;,&quot;title&quot;:&quot;&quot;,&quot;orientation&quot;:&quot;0&quot;}\" data-image-title=\"image1\" data-image-description=\"\" data-image-caption=\"\" data-medium-file=\"https:\/\/vocella.de\/wp-content\/uploads\/2022\/06\/image1-450x600.jpg\" data-large-file=\"https:\/\/vocella.de\/wp-content\/uploads\/2022\/06\/image1-960x1280.jpg\" data-id=\"1765\" src=\"https:\/\/vocella.de\/wp-content\/uploads\/2022\/06\/image1-960x1280.jpg\" alt=\"Photo \u00a9 by Corte Bravi\" class=\"wp-image-1765\" srcset=\"https:\/\/vocella.de\/wp-content\/uploads\/2022\/06\/image1-960x1280.jpg 960w, https:\/\/vocella.de\/wp-content\/uploads\/2022\/06\/image1-450x600.jpg 450w, https:\/\/vocella.de\/wp-content\/uploads\/2022\/06\/image1-165x220.jpg 165w, https:\/\/vocella.de\/wp-content\/uploads\/2022\/06\/image1-1152x1536.jpg 1152w, https:\/\/vocella.de\/wp-content\/uploads\/2022\/06\/image1-1170x1560.jpg 1170w, https:\/\/vocella.de\/wp-content\/uploads\/2022\/06\/image1-850x1133.jpg 850w, https:\/\/vocella.de\/wp-content\/uploads\/2022\/06\/image1.jpg 1440w\" sizes=\"(max-width: 960px) 100vw, 960px\" \/><\/figure>\n\n\n\n<figure class=\"wp-block-image size-large\"><img loading=\"lazy\" decoding=\"async\" width=\"1845\" height=\"1280\" data-attachment-id=\"1761\" data-permalink=\"https:\/\/vocella.de\/index.php\/winzer\/valpolicella\/corte-bravi-bio-weine-aus-dem-valpolicella-classico\/attachment\/img_2609-scaled-1\/\" data-orig-file=\"https:\/\/vocella.de\/wp-content\/uploads\/2022\/06\/IMG_2609-scaled-1.jpg\" data-orig-size=\"2560,1776\" data-comments-opened=\"1\" data-image-meta=\"{&quot;aperture&quot;:&quot;3.5&quot;,&quot;credit&quot;:&quot;&quot;,&quot;camera&quot;:&quot;Canon EOS M6&quot;,&quot;caption&quot;:&quot;&quot;,&quot;created_timestamp&quot;:&quot;1569580953&quot;,&quot;copyright&quot;:&quot;&quot;,&quot;focal_length&quot;:&quot;18&quot;,&quot;iso&quot;:&quot;5000&quot;,&quot;shutter_speed&quot;:&quot;0.01&quot;,&quot;title&quot;:&quot;&quot;,&quot;orientation&quot;:&quot;0&quot;}\" data-image-title=\"IMG_2609-scaled-1\" data-image-description=\"\" data-image-caption=\"\" data-medium-file=\"https:\/\/vocella.de\/wp-content\/uploads\/2022\/06\/IMG_2609-scaled-1-800x555.jpg\" data-large-file=\"https:\/\/vocella.de\/wp-content\/uploads\/2022\/06\/IMG_2609-scaled-1-1845x1280.jpg\" data-id=\"1761\" src=\"https:\/\/vocella.de\/wp-content\/uploads\/2022\/06\/IMG_2609-scaled-1-1845x1280.jpg\" alt=\"Photo \u00a9 by Corte Bravi\" class=\"wp-image-1761\" srcset=\"https:\/\/vocella.de\/wp-content\/uploads\/2022\/06\/IMG_2609-scaled-1-1845x1280.jpg 1845w, https:\/\/vocella.de\/wp-content\/uploads\/2022\/06\/IMG_2609-scaled-1-800x555.jpg 800w, https:\/\/vocella.de\/wp-content\/uploads\/2022\/06\/IMG_2609-scaled-1-220x153.jpg 220w, https:\/\/vocella.de\/wp-content\/uploads\/2022\/06\/IMG_2609-scaled-1-1536x1066.jpg 1536w, https:\/\/vocella.de\/wp-content\/uploads\/2022\/06\/IMG_2609-scaled-1-2048x1421.jpg 2048w, https:\/\/vocella.de\/wp-content\/uploads\/2022\/06\/IMG_2609-scaled-1-1170x812.jpg 1170w, https:\/\/vocella.de\/wp-content\/uploads\/2022\/06\/IMG_2609-scaled-1-850x590.jpg 850w\" sizes=\"(max-width: 1845px) 100vw, 1845px\" \/><\/figure>\n\n\n\n<figure class=\"wp-block-image size-large\"><img loading=\"lazy\" decoding=\"async\" width=\"853\" height=\"1280\" data-attachment-id=\"1763\" data-permalink=\"https:\/\/vocella.de\/index.php\/winzer\/valpolicella\/corte-bravi-bio-weine-aus-dem-valpolicella-classico\/attachment\/img_2639\/\" data-orig-file=\"https:\/\/vocella.de\/wp-content\/uploads\/2022\/06\/IMG_2639.jpg\" data-orig-size=\"1280,1920\" data-comments-opened=\"1\" data-image-meta=\"{&quot;aperture&quot;:&quot;0&quot;,&quot;credit&quot;:&quot;&quot;,&quot;camera&quot;:&quot;&quot;,&quot;caption&quot;:&quot;&quot;,&quot;created_timestamp&quot;:&quot;0&quot;,&quot;copyright&quot;:&quot;&quot;,&quot;focal_length&quot;:&quot;0&quot;,&quot;iso&quot;:&quot;0&quot;,&quot;shutter_speed&quot;:&quot;0&quot;,&quot;title&quot;:&quot;&quot;,&quot;orientation&quot;:&quot;0&quot;}\" data-image-title=\"IMG_2639\" data-image-description=\"\" data-image-caption=\"\" data-medium-file=\"https:\/\/vocella.de\/wp-content\/uploads\/2022\/06\/IMG_2639-400x600.jpg\" data-large-file=\"https:\/\/vocella.de\/wp-content\/uploads\/2022\/06\/IMG_2639-853x1280.jpg\" data-id=\"1763\" src=\"https:\/\/vocella.de\/wp-content\/uploads\/2022\/06\/IMG_2639-853x1280.jpg\" alt=\"Photo \u00a9 by Corte Bravi\" class=\"wp-image-1763\" srcset=\"https:\/\/vocella.de\/wp-content\/uploads\/2022\/06\/IMG_2639-853x1280.jpg 853w, https:\/\/vocella.de\/wp-content\/uploads\/2022\/06\/IMG_2639-400x600.jpg 400w, https:\/\/vocella.de\/wp-content\/uploads\/2022\/06\/IMG_2639-147x220.jpg 147w, https:\/\/vocella.de\/wp-content\/uploads\/2022\/06\/IMG_2639-1024x1536.jpg 1024w, https:\/\/vocella.de\/wp-content\/uploads\/2022\/06\/IMG_2639-1170x1755.jpg 1170w, https:\/\/vocella.de\/wp-content\/uploads\/2022\/06\/IMG_2639-850x1275.jpg 850w, https:\/\/vocella.de\/wp-content\/uploads\/2022\/06\/IMG_2639.jpg 1280w\" sizes=\"(max-width: 853px) 100vw, 853px\" \/><\/figure>\n\n\n\n<figure class=\"wp-block-image size-large\"><img loading=\"lazy\" decoding=\"async\" width=\"960\" height=\"1280\" data-attachment-id=\"1764\" data-permalink=\"https:\/\/vocella.de\/index.php\/winzer\/valpolicella\/corte-bravi-bio-weine-aus-dem-valpolicella-classico\/attachment\/img_9698-scaled-1\/\" data-orig-file=\"https:\/\/vocella.de\/wp-content\/uploads\/2022\/06\/IMG_9698-scaled-1.jpg\" data-orig-size=\"1920,2560\" data-comments-opened=\"1\" data-image-meta=\"{&quot;aperture&quot;:&quot;2.2&quot;,&quot;credit&quot;:&quot;&quot;,&quot;camera&quot;:&quot;iPhone 6&quot;,&quot;caption&quot;:&quot;&quot;,&quot;created_timestamp&quot;:&quot;1569439981&quot;,&quot;copyright&quot;:&quot;&quot;,&quot;focal_length&quot;:&quot;4.15&quot;,&quot;iso&quot;:&quot;500&quot;,&quot;shutter_speed&quot;:&quot;0.058823529411765&quot;,&quot;title&quot;:&quot;&quot;,&quot;orientation&quot;:&quot;0&quot;}\" data-image-title=\"IMG_9698-scaled-1\" data-image-description=\"\" data-image-caption=\"\" data-medium-file=\"https:\/\/vocella.de\/wp-content\/uploads\/2022\/06\/IMG_9698-scaled-1-450x600.jpg\" data-large-file=\"https:\/\/vocella.de\/wp-content\/uploads\/2022\/06\/IMG_9698-scaled-1-960x1280.jpg\" data-id=\"1764\" src=\"https:\/\/vocella.de\/wp-content\/uploads\/2022\/06\/IMG_9698-scaled-1-960x1280.jpg\" alt=\"Photo \u00a9 by Corte Bravi\" class=\"wp-image-1764\" srcset=\"https:\/\/vocella.de\/wp-content\/uploads\/2022\/06\/IMG_9698-scaled-1-960x1280.jpg 960w, https:\/\/vocella.de\/wp-content\/uploads\/2022\/06\/IMG_9698-scaled-1-450x600.jpg 450w, https:\/\/vocella.de\/wp-content\/uploads\/2022\/06\/IMG_9698-scaled-1-165x220.jpg 165w, https:\/\/vocella.de\/wp-content\/uploads\/2022\/06\/IMG_9698-scaled-1-1152x1536.jpg 1152w, https:\/\/vocella.de\/wp-content\/uploads\/2022\/06\/IMG_9698-scaled-1-1536x2048.jpg 1536w, https:\/\/vocella.de\/wp-content\/uploads\/2022\/06\/IMG_9698-scaled-1-1170x1560.jpg 1170w, https:\/\/vocella.de\/wp-content\/uploads\/2022\/06\/IMG_9698-scaled-1-850x1133.jpg 850w, https:\/\/vocella.de\/wp-content\/uploads\/2022\/06\/IMG_9698-scaled-1.jpg 1920w\" sizes=\"(max-width: 960px) 100vw, 960px\" \/><\/figure>\n<\/figure>\n","protected":false},"excerpt":{"rendered":"<p>Corte Bravi ist ein recht junges Unternehmen, obwohl der Vater der heutigen Betreiber (Andrea und Ivano Brunelli) schon 1990 die ersten Fl\u00e4chen am heutigen Standort erwarb. Wie so oft wurden die Trauben allerdings nur f\u00fcr den Eigenbedarf genutzt oder an [&hellip;]<\/p>\n","protected":false},"author":1,"featured_media":1766,"comment_status":"open","ping_status":"open","sticky":false,"template":"","format":"standard","meta":{"jetpack_post_was_ever_published":false,"_jetpack_newsletter_access":"","_jetpack_dont_email_post_to_subs":false,"_jetpack_newsletter_tier_id":0,"_jetpack_memberships_contains_paywalled_content":false,"_jetpack_memberships_contains_paid_content":false,"footnotes":"","jetpack_publicize_message":"Portrait Corte Bravi, ein Bio-Weingut aus dem Valpolicella Classico, welches sich mit Hingabe den klassischen Veroneser Docs und der Nachhaltigkeit verschrieben hat.","jetpack_publicize_feature_enabled":true,"jetpack_social_post_already_shared":true,"jetpack_social_options":{"image_generator_settings":{"template":"highway","enabled":false},"version":2}},"categories":[173],"tags":[12,199,22,21,39,18,2],"class_list":["post-1755","post","type-post","status-publish","format-standard","has-post-thumbnail","hentry","category-valpolicella","tag-amarone","tag-bio-wein","tag-corvina","tag-corvinone","tag-docg","tag-rondinella","tag-valpolicella"],"jetpack_publicize_connections":[],"aioseo_notices":[],"jetpack_featured_media_url":"https:\/\/vocella.de\/wp-content\/uploads\/2022\/06\/titel-Corte-Bravi.jpg","jetpack_shortlink":"https:\/\/wp.me\/p6ozF3-sj","jetpack_sharing_enabled":true,"_links":{"self":[{"href":"https:\/\/vocella.de\/index.php\/wp-json\/wp\/v2\/posts\/1755"}],"collection":[{"href":"https:\/\/vocella.de\/index.php\/wp-json\/wp\/v2\/posts"}],"about":[{"href":"https:\/\/vocella.de\/index.php\/wp-json\/wp\/v2\/types\/post"}],"author":[{"embeddable":true,"href":"https:\/\/vocella.de\/index.php\/wp-json\/wp\/v2\/users\/1"}],"replies":[{"embeddable":true,"href":"https:\/\/vocella.de\/index.php\/wp-json\/wp\/v2\/comments?post=1755"}],"version-history":[{"count":0,"href":"https:\/\/vocella.de\/index.php\/wp-json\/wp\/v2\/posts\/1755\/revisions"}],"wp:featuredmedia":[{"embeddable":true,"href":"https:\/\/vocella.de\/index.php\/wp-json\/wp\/v2\/media\/1766"}],"wp:attachment":[{"href":"https:\/\/vocella.de\/index.php\/wp-json\/wp\/v2\/media?parent=1755"}],"wp:term":[{"taxonomy":"category","embeddable":true,"href":"https:\/\/vocella.de\/index.php\/wp-json\/wp\/v2\/categories?post=1755"},{"taxonomy":"post_tag","embeddable":true,"href":"https:\/\/vocella.de\/index.php\/wp-json\/wp\/v2\/tags?post=1755"}],"curies":[{"name":"wp","href":"https:\/\/api.w.org\/{rel}","templated":true}]}}