{"id":969,"date":"2018-07-30T22:12:44","date_gmt":"2018-07-30T20:12:44","guid":{"rendered":"https:\/\/vocella.de\/?p=969"},"modified":"2022-03-14T15:39:26","modified_gmt":"2022-03-14T14:39:26","slug":"weingut-arianna-occhipinti","status":"publish","type":"post","link":"https:\/\/vocella.de\/index.php\/winzer\/sizilien\/weingut-arianna-occhipinti\/","title":{"rendered":"Weingut Arianna Occhipinti"},"content":{"rendered":"<p>Obwohl noch ein junger Betrieb (Gr\u00fcndung 2004) hat sich Arianna Occhipinti bereits ein betr\u00e4chtliches Renommee im Bereich der Bio-Weine erarbeitet. Diesem Ruf wollte ich bei meinem Besuch im letzten Sommer auf den Grund gehen. Obwohl als Alleininhaberin und Leiterin des Weingutes schwer eingespannt, nahm sich Arianna viel Zeit, um mir das Weingut und ihre Weine n\u00e4her zu bringen.<\/p>\n<p>Man kann sich kaum vorstellen wie schwer es gewesen sein muss, mit 21 Jahren die Gr\u00fcndung eines eigenen Weingutes in Sizilien zu wagen. Wenn man Arianna auf ihrem Land erlebt und die Liebe und Begeisterung f\u00fcr ihre Heimat sp\u00fcrt und erlebt mit welcher Energie sie die Dinge angeht, kann man erahnen, dass es wohl nur diesen einen Weg gab, um ihre Vorstellungen und Ideen umzusetzen.<\/p>\n<div style=\"float: right; margin: 10px 0 10px 10px; padding: 2px; border: 1px solid #999;\"><iframe loading=\"lazy\" style=\"border: 0;\" src=\"https:\/\/www.google.com\/maps\/embed?pb=!1m18!1m12!1m3!1d343126.32216450566!2d14.289624416203528!3d36.96499291280002!2m3!1f0!2f0!3f0!3m2!1i1024!2i768!4f13.1!3m3!1m2!1s0x0%3A0x2c0d85ed794f1faf!2sAzienda+Agricola+Arianna+Occhipinti!5e0!3m2!1sde!2sde!4v1532979734626\" width=\"270\" height=\"250\" frameborder=\"0\" allowfullscreen=\"allowfullscreen\"><\/iframe><\/div>\n<p><strong>Anf\u00e4nge<\/strong><br \/>\nDer Weinbau wurde ihr schon quasi in die Wiege gelegt, ist Onkel Giusto Occhipinti doch das O in <a href=\"https:\/\/vocella.de\/index.php\/2018\/04\/06\/azienda-agricola-cos-pioniere-des-bio-weinbau-in-italien\/\" target=\"_blank\" rel=\"noopener\"><strong>COS<\/strong><\/a>, \u00fcber die ich zuletzt berichtete. Arianna h\u00e4tte nach Abschluss ihrer Weinbauausbildung wohl auch in den Betrieb mit einsteigen k\u00f6nnen, entschloss sich jedoch f\u00fcr den Sprung ins kalte Wasser.<\/p>\n<p>Sie erwarb 2004 2ha Grund nebst Wirtschaftsgeb\u00e4uden in der Gegend von \u201eFossa di Lupo\u201c an der Landstra\u00dfe SP68 gelegen. Das Gel\u00e4nde liegt auf 250-300m \u00fcber Meeresh\u00f6he in der N\u00e4he von Vittoria und ist von zwei Winden gepr\u00e4gt. Aus S\u00fcden str\u00f6mt der Scirocco ins Land und bringt hei\u00dfe Luft aus Afrika, aus Norden kommt der Wind aus den Bergen, der Abk\u00fchlung und Feuchtigkeit bringt.<\/p>\n<p><strong>Boden<\/strong><br \/>\nDer Boden besteht gr\u00f6\u00dftenteils aus Kalkstein, durchbrochen von Lehmschichten. Dar\u00fcber befindet sich nur eine sehr d\u00fcnne Humusschicht von ca. 30-35cm. Durch die Duldung von Wildpflanzen und die Aussaat von Saubohnen und Hafer zwischen den Reben wird der Erosion entgegengewirkt und durch das Unterpfl\u00fcgen im Fr\u00fchjahr Gr\u00fcnd\u00fcngung betrieben. Au\u00dfer der Gr\u00fcnd\u00fcngung sieht das Land keinen weiteren D\u00fcnger, Pestizide oder Fungizide. Arianna setzte von Beginn an konsequent auf Bio-Weinbau.<\/p>\n<p>Mit den Jahren erwarb Arianna weitere kleine Fl\u00e4chen. Teils bestehende Weinberge, teils bislang nicht f\u00fcr den Weinbau genutzte Fl\u00e4chen. Ihre Weinberge sind also sehr heterogen strukturiert. Bis heute sind so 25ha unter Reben zusammen gekommen, aus denen rund 130.000 Flaschen pro Jahr produziert werden. Angebaut werden die heimischen regionalen Sorten Moscato di Alessandria, Albanello, Frappato di Vittoria, Nero d\u2018Avola und Albanello. Je nach Lage wird im Albarello (buschig), Guyot oder als Pergola gezogen.<\/p>\n<p><strong>Erweiterung<\/strong><br \/>\nDas Weingut Occhipinti ist immer noch in der Entwicklung. Stets wird etwas um- oder ausgebaut. Der letzte gro\u00dfe Schritt war 2013 der Bau des neuen Kellers, welcher \u00fcber einen Tunnel mit dem Hauptgeb\u00e4ude verbunden ist. In diesem Tunnel befindet sich das Fasslager. Seit dem Kellerneubau stehen gro\u00dfe Betontanks zur Fermentation zur Verf\u00fcgung. Zur Reifung stehen unterschiedlich gro\u00dfe Eichenf\u00e4sser bereit. Hier kommt ganz individuell, je nach Wein, slawonische oder franz\u00f6sische Eiche zum Einsatz.<\/p>\n<div class=\"tiled-gallery type-rectangular tiled-gallery-unresized\" data-original-width=\"1170\" data-carousel-extra='{&quot;blog_id&quot;:1,&quot;permalink&quot;:&quot;https:\\\/\\\/vocella.de\\\/index.php\\\/winzer\\\/sizilien\\\/weingut-arianna-occhipinti\\\/&quot;,&quot;likes_blog_id&quot;:94514973}' itemscope itemtype=\"http:\/\/schema.org\/ImageGallery\" > <div class=\"gallery-row\" style=\"width: 1170px; height: 586px;\" data-original-width=\"1170\" data-original-height=\"586\" > <div class=\"gallery-group images-1\" style=\"width: 780px; height: 586px;\" data-original-width=\"780\" data-original-height=\"586\" > <div class=\"tiled-gallery-item tiled-gallery-item-large\" itemprop=\"associatedMedia\" itemscope itemtype=\"http:\/\/schema.org\/ImageObject\"> <a href=\"https:\/\/vocella.de\/index.php\/winzer\/sizilien\/weingut-arianna-occhipinti\/attachment\/olympus-digital-camera-37\/\" border=\"0\" itemprop=\"url\"> <meta itemprop=\"width\" content=\"776\"> <meta itemprop=\"height\" content=\"582\"> <img decoding=\"async\" class=\"\" data-attachment-id=\"973\" data-orig-file=\"https:\/\/vocella.de\/wp-content\/uploads\/2018\/07\/PA264198.jpg\" data-orig-size=\"3648,2736\" data-comments-opened=\"1\" data-image-meta=\"{&quot;aperture&quot;:&quot;8&quot;,&quot;credit&quot;:&quot;&quot;,&quot;camera&quot;:&quot;E-420&quot;,&quot;caption&quot;:&quot;OLYMPUS DIGITAL CAMERA&quot;,&quot;created_timestamp&quot;:&quot;1509029342&quot;,&quot;copyright&quot;:&quot;&quot;,&quot;focal_length&quot;:&quot;14&quot;,&quot;iso&quot;:&quot;100&quot;,&quot;shutter_speed&quot;:&quot;0.003125&quot;,&quot;title&quot;:&quot;OLYMPUS DIGITAL CAMERA&quot;,&quot;orientation&quot;:&quot;0&quot;}\" data-image-title=\"Weingut Arianna Occhipinti\" data-image-description=\"\" data-medium-file=\"https:\/\/vocella.de\/wp-content\/uploads\/2018\/07\/PA264198-800x600.jpg\" data-large-file=\"https:\/\/vocella.de\/wp-content\/uploads\/2018\/07\/PA264198-1707x1280.jpg\" src=\"https:\/\/i0.wp.com\/vocella.de\/wp-content\/uploads\/2018\/07\/PA264198.jpg?w=776&#038;h=582&#038;ssl=1\" srcset=\"https:\/\/vocella.de\/wp-content\/uploads\/2018\/07\/PA264198.jpg 3648w, https:\/\/vocella.de\/wp-content\/uploads\/2018\/07\/PA264198-220x165.jpg 220w, https:\/\/vocella.de\/wp-content\/uploads\/2018\/07\/PA264198-800x600.jpg 800w, https:\/\/vocella.de\/wp-content\/uploads\/2018\/07\/PA264198-1707x1280.jpg 1707w, https:\/\/vocella.de\/wp-content\/uploads\/2018\/07\/PA264198-300x225.jpg 300w\" width=\"776\" height=\"582\" loading=\"lazy\" data-original-width=\"776\" data-original-height=\"582\" itemprop=\"http:\/\/schema.org\/image\" title=\"Weingut Arianna Occhipinti\" alt=\"Weingut Arianna Occhipinti\" style=\"width: 776px; height: 582px;\" \/> <\/a> <div class=\"tiled-gallery-caption\" itemprop=\"caption description\"> Photo by Michael Sinne <\/div> <\/div> <\/div> <!-- close group --> <div class=\"gallery-group images-2\" style=\"width: 390px; height: 586px;\" data-original-width=\"390\" data-original-height=\"586\" > <div class=\"tiled-gallery-item tiled-gallery-item-large\" itemprop=\"associatedMedia\" itemscope itemtype=\"http:\/\/schema.org\/ImageObject\"> <a href=\"https:\/\/vocella.de\/index.php\/winzer\/sizilien\/weingut-arianna-occhipinti\/attachment\/olympus-digital-camera-38\/\" border=\"0\" itemprop=\"url\"> <meta itemprop=\"width\" content=\"386\"> <meta itemprop=\"height\" content=\"289\"> <img decoding=\"async\" class=\"\" data-attachment-id=\"974\" data-orig-file=\"https:\/\/vocella.de\/wp-content\/uploads\/2018\/07\/PA264199.jpg\" data-orig-size=\"3648,2736\" data-comments-opened=\"1\" data-image-meta=\"{&quot;aperture&quot;:&quot;8&quot;,&quot;credit&quot;:&quot;&quot;,&quot;camera&quot;:&quot;E-420&quot;,&quot;caption&quot;:&quot;OLYMPUS DIGITAL CAMERA&quot;,&quot;created_timestamp&quot;:&quot;1509029461&quot;,&quot;copyright&quot;:&quot;&quot;,&quot;focal_length&quot;:&quot;14&quot;,&quot;iso&quot;:&quot;100&quot;,&quot;shutter_speed&quot;:&quot;0.003125&quot;,&quot;title&quot;:&quot;OLYMPUS DIGITAL CAMERA&quot;,&quot;orientation&quot;:&quot;0&quot;}\" data-image-title=\"Weingut Arianna Occhipinti\" data-image-description=\"\" data-medium-file=\"https:\/\/vocella.de\/wp-content\/uploads\/2018\/07\/PA264199-800x600.jpg\" data-large-file=\"https:\/\/vocella.de\/wp-content\/uploads\/2018\/07\/PA264199-1707x1280.jpg\" src=\"https:\/\/i0.wp.com\/vocella.de\/wp-content\/uploads\/2018\/07\/PA264199.jpg?w=386&#038;h=289&#038;ssl=1\" srcset=\"https:\/\/vocella.de\/wp-content\/uploads\/2018\/07\/PA264199.jpg 3648w, https:\/\/vocella.de\/wp-content\/uploads\/2018\/07\/PA264199-220x165.jpg 220w, https:\/\/vocella.de\/wp-content\/uploads\/2018\/07\/PA264199-800x600.jpg 800w, https:\/\/vocella.de\/wp-content\/uploads\/2018\/07\/PA264199-1707x1280.jpg 1707w, https:\/\/vocella.de\/wp-content\/uploads\/2018\/07\/PA264199-300x225.jpg 300w\" width=\"386\" height=\"289\" loading=\"lazy\" data-original-width=\"386\" data-original-height=\"289\" itemprop=\"http:\/\/schema.org\/image\" title=\"Weingut Arianna Occhipinti\" alt=\"Weingut Arianna Occhipinti\" style=\"width: 386px; height: 289px;\" \/> <\/a> <div class=\"tiled-gallery-caption\" itemprop=\"caption description\"> Photo by Michael Sinne <\/div> <\/div> <div class=\"tiled-gallery-item tiled-gallery-item-large\" itemprop=\"associatedMedia\" itemscope itemtype=\"http:\/\/schema.org\/ImageObject\"> <a href=\"https:\/\/vocella.de\/index.php\/winzer\/sizilien\/weingut-arianna-occhipinti\/attachment\/olympus-digital-camera-39\/\" border=\"0\" itemprop=\"url\"> <meta itemprop=\"width\" content=\"386\"> <meta itemprop=\"height\" content=\"289\"> <img decoding=\"async\" class=\"\" data-attachment-id=\"975\" data-orig-file=\"https:\/\/vocella.de\/wp-content\/uploads\/2018\/07\/PA264200.jpg\" data-orig-size=\"3648,2736\" data-comments-opened=\"1\" data-image-meta=\"{&quot;aperture&quot;:&quot;8&quot;,&quot;credit&quot;:&quot;&quot;,&quot;camera&quot;:&quot;E-420&quot;,&quot;caption&quot;:&quot;OLYMPUS DIGITAL CAMERA&quot;,&quot;created_timestamp&quot;:&quot;1509030414&quot;,&quot;copyright&quot;:&quot;&quot;,&quot;focal_length&quot;:&quot;20&quot;,&quot;iso&quot;:&quot;100&quot;,&quot;shutter_speed&quot;:&quot;0.004&quot;,&quot;title&quot;:&quot;OLYMPUS DIGITAL CAMERA&quot;,&quot;orientation&quot;:&quot;0&quot;}\" data-image-title=\"Weingut Arianna Occhipinti\" data-image-description=\"\" data-medium-file=\"https:\/\/vocella.de\/wp-content\/uploads\/2018\/07\/PA264200-800x600.jpg\" data-large-file=\"https:\/\/vocella.de\/wp-content\/uploads\/2018\/07\/PA264200-1707x1280.jpg\" src=\"https:\/\/i0.wp.com\/vocella.de\/wp-content\/uploads\/2018\/07\/PA264200.jpg?w=386&#038;h=289&#038;ssl=1\" srcset=\"https:\/\/vocella.de\/wp-content\/uploads\/2018\/07\/PA264200.jpg 3648w, https:\/\/vocella.de\/wp-content\/uploads\/2018\/07\/PA264200-220x165.jpg 220w, https:\/\/vocella.de\/wp-content\/uploads\/2018\/07\/PA264200-800x600.jpg 800w, https:\/\/vocella.de\/wp-content\/uploads\/2018\/07\/PA264200-1707x1280.jpg 1707w, https:\/\/vocella.de\/wp-content\/uploads\/2018\/07\/PA264200-300x225.jpg 300w\" width=\"386\" height=\"289\" loading=\"lazy\" data-original-width=\"386\" data-original-height=\"289\" itemprop=\"http:\/\/schema.org\/image\" title=\"Weingut Arianna Occhipinti\" alt=\"Weingut Arianna Occhipinti\" style=\"width: 386px; height: 289px;\" \/> <\/a> <div class=\"tiled-gallery-caption\" itemprop=\"caption description\"> Photo by Michael Sinne <\/div> <\/div> <\/div> <!-- close group --> <\/div> <!-- close row --> <div class=\"gallery-row\" style=\"width: 1170px; height: 220px;\" data-original-width=\"1170\" data-original-height=\"220\" > <div class=\"gallery-group images-1\" style=\"width: 293px; height: 220px;\" data-original-width=\"293\" data-original-height=\"220\" > <div class=\"tiled-gallery-item tiled-gallery-item-large\" itemprop=\"associatedMedia\" itemscope itemtype=\"http:\/\/schema.org\/ImageObject\"> <a href=\"https:\/\/vocella.de\/index.php\/winzer\/sizilien\/weingut-arianna-occhipinti\/attachment\/olympus-digital-camera-40\/\" border=\"0\" itemprop=\"url\"> <meta itemprop=\"width\" content=\"289\"> <meta itemprop=\"height\" content=\"216\"> <img decoding=\"async\" class=\"\" data-attachment-id=\"976\" data-orig-file=\"https:\/\/vocella.de\/wp-content\/uploads\/2018\/07\/PA264201.jpg\" data-orig-size=\"3648,2736\" data-comments-opened=\"1\" data-image-meta=\"{&quot;aperture&quot;:&quot;8&quot;,&quot;credit&quot;:&quot;&quot;,&quot;camera&quot;:&quot;E-420&quot;,&quot;caption&quot;:&quot;OLYMPUS DIGITAL CAMERA&quot;,&quot;created_timestamp&quot;:&quot;1509030441&quot;,&quot;copyright&quot;:&quot;&quot;,&quot;focal_length&quot;:&quot;14&quot;,&quot;iso&quot;:&quot;100&quot;,&quot;shutter_speed&quot;:&quot;0.004&quot;,&quot;title&quot;:&quot;OLYMPUS DIGITAL CAMERA&quot;,&quot;orientation&quot;:&quot;0&quot;}\" data-image-title=\"Weingut Arianna Occhipinti\" data-image-description=\"\" data-medium-file=\"https:\/\/vocella.de\/wp-content\/uploads\/2018\/07\/PA264201-800x600.jpg\" data-large-file=\"https:\/\/vocella.de\/wp-content\/uploads\/2018\/07\/PA264201-1707x1280.jpg\" src=\"https:\/\/i0.wp.com\/vocella.de\/wp-content\/uploads\/2018\/07\/PA264201.jpg?w=289&#038;h=216&#038;ssl=1\" srcset=\"https:\/\/vocella.de\/wp-content\/uploads\/2018\/07\/PA264201.jpg 3648w, https:\/\/vocella.de\/wp-content\/uploads\/2018\/07\/PA264201-220x165.jpg 220w, https:\/\/vocella.de\/wp-content\/uploads\/2018\/07\/PA264201-800x600.jpg 800w, https:\/\/vocella.de\/wp-content\/uploads\/2018\/07\/PA264201-1707x1280.jpg 1707w, https:\/\/vocella.de\/wp-content\/uploads\/2018\/07\/PA264201-300x225.jpg 300w\" width=\"289\" height=\"216\" loading=\"lazy\" data-original-width=\"289\" data-original-height=\"216\" itemprop=\"http:\/\/schema.org\/image\" title=\"Weingut Arianna Occhipinti\" alt=\"Weingut Arianna Occhipinti\" style=\"width: 289px; height: 216px;\" \/> <\/a> <div class=\"tiled-gallery-caption\" itemprop=\"caption description\"> Photo by Michael Sinne <\/div> <\/div> <\/div> <!-- close group --> <div class=\"gallery-group images-1\" style=\"width: 293px; height: 220px;\" data-original-width=\"293\" data-original-height=\"220\" > <div class=\"tiled-gallery-item tiled-gallery-item-large\" itemprop=\"associatedMedia\" itemscope itemtype=\"http:\/\/schema.org\/ImageObject\"> <a href=\"https:\/\/vocella.de\/index.php\/winzer\/sizilien\/weingut-arianna-occhipinti\/attachment\/olympus-digital-camera-41\/\" border=\"0\" itemprop=\"url\"> <meta itemprop=\"width\" content=\"289\"> <meta itemprop=\"height\" content=\"216\"> <img decoding=\"async\" class=\"\" data-attachment-id=\"977\" data-orig-file=\"https:\/\/vocella.de\/wp-content\/uploads\/2018\/07\/PA264205.jpg\" data-orig-size=\"3648,2736\" data-comments-opened=\"1\" data-image-meta=\"{&quot;aperture&quot;:&quot;4.1&quot;,&quot;credit&quot;:&quot;&quot;,&quot;camera&quot;:&quot;E-420&quot;,&quot;caption&quot;:&quot;OLYMPUS DIGITAL CAMERA&quot;,&quot;created_timestamp&quot;:&quot;1509031133&quot;,&quot;copyright&quot;:&quot;&quot;,&quot;focal_length&quot;:&quot;20&quot;,&quot;iso&quot;:&quot;400&quot;,&quot;shutter_speed&quot;:&quot;0.125&quot;,&quot;title&quot;:&quot;OLYMPUS DIGITAL CAMERA&quot;,&quot;orientation&quot;:&quot;0&quot;}\" data-image-title=\"Weingut Arianna Occhipinti\" data-image-description=\"\" data-medium-file=\"https:\/\/vocella.de\/wp-content\/uploads\/2018\/07\/PA264205-800x600.jpg\" data-large-file=\"https:\/\/vocella.de\/wp-content\/uploads\/2018\/07\/PA264205-1707x1280.jpg\" src=\"https:\/\/i0.wp.com\/vocella.de\/wp-content\/uploads\/2018\/07\/PA264205.jpg?w=289&#038;h=216&#038;ssl=1\" srcset=\"https:\/\/vocella.de\/wp-content\/uploads\/2018\/07\/PA264205.jpg 3648w, https:\/\/vocella.de\/wp-content\/uploads\/2018\/07\/PA264205-220x165.jpg 220w, https:\/\/vocella.de\/wp-content\/uploads\/2018\/07\/PA264205-800x600.jpg 800w, https:\/\/vocella.de\/wp-content\/uploads\/2018\/07\/PA264205-1707x1280.jpg 1707w, https:\/\/vocella.de\/wp-content\/uploads\/2018\/07\/PA264205-300x225.jpg 300w\" width=\"289\" height=\"216\" loading=\"lazy\" data-original-width=\"289\" data-original-height=\"216\" itemprop=\"http:\/\/schema.org\/image\" title=\"Weingut Arianna Occhipinti\" alt=\"Weingut Arianna Occhipinti\" style=\"width: 289px; height: 216px;\" \/> <\/a> <div class=\"tiled-gallery-caption\" itemprop=\"caption description\"> Photo by Michael Sinne <\/div> <\/div> <\/div> <!-- close group --> <div class=\"gallery-group images-1\" style=\"width: 292px; height: 220px;\" data-original-width=\"292\" data-original-height=\"220\" > <div class=\"tiled-gallery-item tiled-gallery-item-large\" itemprop=\"associatedMedia\" itemscope itemtype=\"http:\/\/schema.org\/ImageObject\"> <a href=\"https:\/\/vocella.de\/index.php\/winzer\/sizilien\/weingut-arianna-occhipinti\/attachment\/olympus-digital-camera-42\/\" border=\"0\" itemprop=\"url\"> <meta itemprop=\"width\" content=\"288\"> <meta itemprop=\"height\" content=\"216\"> <img decoding=\"async\" class=\"\" data-attachment-id=\"978\" data-orig-file=\"https:\/\/vocella.de\/wp-content\/uploads\/2018\/07\/PA264207.jpg\" data-orig-size=\"3648,2736\" data-comments-opened=\"1\" data-image-meta=\"{&quot;aperture&quot;:&quot;3.5&quot;,&quot;credit&quot;:&quot;&quot;,&quot;camera&quot;:&quot;E-420&quot;,&quot;caption&quot;:&quot;OLYMPUS DIGITAL CAMERA&quot;,&quot;created_timestamp&quot;:&quot;1509031748&quot;,&quot;copyright&quot;:&quot;&quot;,&quot;focal_length&quot;:&quot;14&quot;,&quot;iso&quot;:&quot;400&quot;,&quot;shutter_speed&quot;:&quot;0.016666666666667&quot;,&quot;title&quot;:&quot;OLYMPUS DIGITAL CAMERA&quot;,&quot;orientation&quot;:&quot;0&quot;}\" data-image-title=\"Weingut Arianna Occhipinti\" data-image-description=\"\" data-medium-file=\"https:\/\/vocella.de\/wp-content\/uploads\/2018\/07\/PA264207-800x600.jpg\" data-large-file=\"https:\/\/vocella.de\/wp-content\/uploads\/2018\/07\/PA264207-1707x1280.jpg\" src=\"https:\/\/i0.wp.com\/vocella.de\/wp-content\/uploads\/2018\/07\/PA264207.jpg?w=288&#038;h=216&#038;ssl=1\" srcset=\"https:\/\/vocella.de\/wp-content\/uploads\/2018\/07\/PA264207.jpg 3648w, https:\/\/vocella.de\/wp-content\/uploads\/2018\/07\/PA264207-220x165.jpg 220w, https:\/\/vocella.de\/wp-content\/uploads\/2018\/07\/PA264207-800x600.jpg 800w, https:\/\/vocella.de\/wp-content\/uploads\/2018\/07\/PA264207-1707x1280.jpg 1707w, https:\/\/vocella.de\/wp-content\/uploads\/2018\/07\/PA264207-300x225.jpg 300w\" width=\"288\" height=\"216\" loading=\"lazy\" data-original-width=\"288\" data-original-height=\"216\" itemprop=\"http:\/\/schema.org\/image\" title=\"Weingut Arianna Occhipinti\" alt=\"Weingut Arianna Occhipinti\" style=\"width: 288px; height: 216px;\" \/> <\/a> <div class=\"tiled-gallery-caption\" itemprop=\"caption description\"> Photo by Michael Sinne <\/div> <\/div> <\/div> <!-- close group --> <div class=\"gallery-group images-1\" style=\"width: 292px; height: 220px;\" data-original-width=\"292\" data-original-height=\"220\" > <div class=\"tiled-gallery-item tiled-gallery-item-large\" itemprop=\"associatedMedia\" itemscope itemtype=\"http:\/\/schema.org\/ImageObject\"> <a href=\"https:\/\/vocella.de\/index.php\/winzer\/sizilien\/weingut-arianna-occhipinti\/attachment\/olympus-digital-camera-43\/\" border=\"0\" itemprop=\"url\"> <meta itemprop=\"width\" content=\"288\"> <meta itemprop=\"height\" content=\"216\"> <img decoding=\"async\" class=\"\" data-attachment-id=\"979\" data-orig-file=\"https:\/\/vocella.de\/wp-content\/uploads\/2018\/07\/PA264210.jpg\" data-orig-size=\"3648,2736\" data-comments-opened=\"1\" data-image-meta=\"{&quot;aperture&quot;:&quot;4&quot;,&quot;credit&quot;:&quot;&quot;,&quot;camera&quot;:&quot;E-420&quot;,&quot;caption&quot;:&quot;OLYMPUS DIGITAL CAMERA&quot;,&quot;created_timestamp&quot;:&quot;1509032304&quot;,&quot;copyright&quot;:&quot;&quot;,&quot;focal_length&quot;:&quot;14&quot;,&quot;iso&quot;:&quot;400&quot;,&quot;shutter_speed&quot;:&quot;0.05&quot;,&quot;title&quot;:&quot;OLYMPUS DIGITAL CAMERA&quot;,&quot;orientation&quot;:&quot;0&quot;}\" data-image-title=\"Weingut Arianna Occhipinti\" data-image-description=\"\" data-medium-file=\"https:\/\/vocella.de\/wp-content\/uploads\/2018\/07\/PA264210-800x600.jpg\" data-large-file=\"https:\/\/vocella.de\/wp-content\/uploads\/2018\/07\/PA264210-1707x1280.jpg\" src=\"https:\/\/i0.wp.com\/vocella.de\/wp-content\/uploads\/2018\/07\/PA264210.jpg?w=288&#038;h=216&#038;ssl=1\" srcset=\"https:\/\/vocella.de\/wp-content\/uploads\/2018\/07\/PA264210.jpg 3648w, https:\/\/vocella.de\/wp-content\/uploads\/2018\/07\/PA264210-220x165.jpg 220w, https:\/\/vocella.de\/wp-content\/uploads\/2018\/07\/PA264210-800x600.jpg 800w, https:\/\/vocella.de\/wp-content\/uploads\/2018\/07\/PA264210-1707x1280.jpg 1707w, https:\/\/vocella.de\/wp-content\/uploads\/2018\/07\/PA264210-300x225.jpg 300w\" width=\"288\" height=\"216\" loading=\"lazy\" data-original-width=\"288\" data-original-height=\"216\" itemprop=\"http:\/\/schema.org\/image\" title=\"Weingut Arianna Occhipinti\" alt=\"Weingut Arianna Occhipinti\" style=\"width: 288px; height: 216px;\" \/> <\/a> <div class=\"tiled-gallery-caption\" itemprop=\"caption description\"> Photo by Michael Sinne <\/div> <\/div> <\/div> <!-- close group --> <\/div> <!-- close row --> <\/div>\n<p><strong>Weine<\/strong><br \/>\nIch hatte das Vergn\u00fcgen nach der ausf\u00fchrlichen F\u00fchrung auch alle Weine verkosten zu k\u00f6nnen. Eigentlich macht Arianna ganz einfache Weine, wie sie schon seit Urzeiten auf Sizilien, insbesondere in der Region Vittoria, hergestellt werden. \u201e<em>Eigentlich<\/em>\u201c, denn die individuelle Herangehensweise an jeden Wein, die auf den jeweiligen Wein abgestimmte Auswahl des zu verwendenden Weinberges und die Arbeit der, trotz ihrer noch jungen Jahre, schon erfahrenen Kellermeisterin machen jeden einzelnen Wein zu etwas besonderem.<\/p>\n<p>Als Einstieg sei hier der SP68 empfohlen. 70% Frappato, 30% Nero d\u2018Avola in einem vermeintlichen \u201e<em>nur<\/em>\u201c IGT, tr\u00e4gt er doch Ariannas Handschrift wie kein anderer. Sp\u00e4ter hierzu mehr. Die Vertriebswege nach Deutschland sind rar, online sind die Weine von Arianna erh\u00e4ltlich bei <a href=\"https:\/\/www.vinaturel.de\/\" target=\"_blank\" rel=\"noopener\">Vin Naturel<\/a>.<\/p>\n<p><strong>SP68 Rosso Terre Siciliane IGT<\/strong><br \/>\n(70% Frappato, 30% Nero d\u2018Avola, auf rotem Sand \u00fcber Kalkstein, im Guyot-System gezogen, jeweils handverlesen und selektiert, 280m H\u00f6he bei Vittoria, 15 Tage Fermentation auf der Schale, 6 Monate Reife in Zementtanks)<\/p>\n<p><strong>SP68 Bianco Terre Siciliane IGT <\/strong><br \/>\n(60% Moscato di Alessandria, 40% Albanello, auf rotem Sand \u00fcber Kalkstein, im Guyot-System gezogen, jeweils handverlesen und selektiert, 280m H\u00f6he bei Vittoria, 15 Tage Fermentation auf der Schale, 6 Monate Reife in Zementtanks)<\/p>\n<p><strong>Frappato Terre Siciliane IGT<\/strong><br \/>\n(100% Frappato di Vittoria, auf rotem Sand \u00fcber Kalkstein, im Guyot-System &amp; Albarello gezogen, 40 Jahre alte Rebst\u00f6cke, jeweils handverlesen und selektiert, 280m H\u00f6he bei Vittoria, 30 Tage Fermentation auf der Schale, 14 Monate Reife in Tonneuau aus slawonischer Eiche)<\/p>\n<p><strong>Siccagno Terre Siciliane IGT<\/strong><br \/>\n(100% Nero d\u2018Avola, auf rotem Sand \u00fcber Kalkstein, im Guyot-System &amp; Albarello gezogen, 35 Jahre alte Rebst\u00f6cke, jeweils handverlesen und selektiert, 280m H\u00f6he bei Vittoria, 30 Tage Fermentation auf der Schale, 22 Monate Reife in Tonneuau aus slawonischer Eiche)<\/p>\n<p><strong>Grotte Alte Cerasuolo di Vittoria DOCG<\/strong><br \/>\n(50% Nero d\u2018Avola, 50% Frappato, auf rotem Sand \u00fcber Kalkstein, im Albarello gezogen, 40 Jahre alte Rebst\u00f6cke, jeweils handverlesen und selektiert, 280m H\u00f6he bei Vittoria, 30 Tage Fermentation auf der Schale, 32 Monate Reife in Tonneuau aus slawonischer Eiche, 4 Monate Flaschenreife)<\/p>\n<p><strong>Passo Nero Passito Terre Siciliane IGT<\/strong><br \/>\n(100% Nero d\u2018Avola, auf rotem Sand \u00fcber Kalkstein, im Guyot-System &amp; Albarello gezogen, 15 Jahre alte Rebst\u00f6cke, jeweils handverlesen und selektiert, 280m H\u00f6he bei Vittoria, 15 Tage Trocknung, 30 Tage Fermentation auf der Schale, 16 Monate Reife in benutzten Barrique, 6 Monate Flaschenreife)<\/p>\n<div class=\"tiled-gallery type-circle tiled-gallery-unresized\" data-original-width=\"1170\" data-carousel-extra='{&quot;blog_id&quot;:1,&quot;permalink&quot;:&quot;https:\\\/\\\/vocella.de\\\/index.php\\\/winzer\\\/sizilien\\\/weingut-arianna-occhipinti\\\/&quot;,&quot;likes_blog_id&quot;:94514973}' itemscope itemtype=\"http:\/\/schema.org\/ImageGallery\" > <div class=\"gallery-row\" style=\"width: 1170px; height: 390px;\" data-original-width=\"1170\" data-original-height=\"390\" > <div class=\"gallery-group\" style=\"width: 390px; height: 390px;\" data-original-width=\"390\" data-original-height=\"390\" > <div class=\"tiled-gallery-item \" itemprop=\"associatedMedia\" itemscope itemtype=\"http:\/\/schema.org\/ImageObject\"> <a href=\"https:\/\/vocella.de\/index.php\/winzer\/sizilien\/weingut-arianna-occhipinti\/attachment\/sp68\/\" border=\"0\" itemprop=\"url\"> <meta itemprop=\"width\" content=\"386\"> <meta itemprop=\"height\" content=\"386\"> <img decoding=\"async\" class=\"\" data-attachment-id=\"985\" data-orig-file=\"https:\/\/vocella.de\/wp-content\/uploads\/2018\/07\/sp68.jpg\" data-orig-size=\"478,717\" data-comments-opened=\"1\" data-image-meta=\"{&quot;aperture&quot;:&quot;0&quot;,&quot;credit&quot;:&quot;&quot;,&quot;camera&quot;:&quot;&quot;,&quot;caption&quot;:&quot;&quot;,&quot;created_timestamp&quot;:&quot;0&quot;,&quot;copyright&quot;:&quot;&quot;,&quot;focal_length&quot;:&quot;0&quot;,&quot;iso&quot;:&quot;0&quot;,&quot;shutter_speed&quot;:&quot;0&quot;,&quot;title&quot;:&quot;&quot;,&quot;orientation&quot;:&quot;0&quot;}\" data-image-title=\"SP68 Rosso\" data-image-description=\"\" data-medium-file=\"https:\/\/vocella.de\/wp-content\/uploads\/2018\/07\/sp68-400x600.jpg\" data-large-file=\"https:\/\/vocella.de\/wp-content\/uploads\/2018\/07\/sp68.jpg\" src=\"https:\/\/i0.wp.com\/vocella.de\/wp-content\/uploads\/2018\/07\/sp68.jpg?w=386&#038;h=386&#038;crop=1&#038;ssl=1\" width=\"386\" height=\"386\" loading=\"lazy\" data-original-width=\"386\" data-original-height=\"386\" itemprop=\"http:\/\/schema.org\/image\" title=\"SP68 Rosso\" alt=\"SP68 Rosso\" style=\"width: 386px; height: 386px;\" \/> <\/a> <\/div> <\/div> <div class=\"gallery-group\" style=\"width: 390px; height: 390px;\" data-original-width=\"390\" data-original-height=\"390\" > <div class=\"tiled-gallery-item \" itemprop=\"associatedMedia\" itemscope itemtype=\"http:\/\/schema.org\/ImageObject\"> <a href=\"https:\/\/vocella.de\/index.php\/winzer\/sizilien\/weingut-arianna-occhipinti\/attachment\/sp68bianco\/\" border=\"0\" itemprop=\"url\"> <meta itemprop=\"width\" content=\"386\"> <meta itemprop=\"height\" content=\"386\"> <img decoding=\"async\" class=\"\" data-attachment-id=\"986\" data-orig-file=\"https:\/\/vocella.de\/wp-content\/uploads\/2018\/07\/sp68bianco.jpg\" data-orig-size=\"478,717\" data-comments-opened=\"1\" data-image-meta=\"{&quot;aperture&quot;:&quot;0&quot;,&quot;credit&quot;:&quot;&quot;,&quot;camera&quot;:&quot;&quot;,&quot;caption&quot;:&quot;&quot;,&quot;created_timestamp&quot;:&quot;0&quot;,&quot;copyright&quot;:&quot;&quot;,&quot;focal_length&quot;:&quot;0&quot;,&quot;iso&quot;:&quot;0&quot;,&quot;shutter_speed&quot;:&quot;0&quot;,&quot;title&quot;:&quot;&quot;,&quot;orientation&quot;:&quot;0&quot;}\" data-image-title=\"SP68 Bianco\" data-image-description=\"\" data-medium-file=\"https:\/\/vocella.de\/wp-content\/uploads\/2018\/07\/sp68bianco-400x600.jpg\" data-large-file=\"https:\/\/vocella.de\/wp-content\/uploads\/2018\/07\/sp68bianco.jpg\" src=\"https:\/\/i0.wp.com\/vocella.de\/wp-content\/uploads\/2018\/07\/sp68bianco.jpg?w=386&#038;h=386&#038;crop=1&#038;ssl=1\" width=\"386\" height=\"386\" loading=\"lazy\" data-original-width=\"386\" data-original-height=\"386\" itemprop=\"http:\/\/schema.org\/image\" title=\"SP68 Bianco\" alt=\"SP68 Bianco\" style=\"width: 386px; height: 386px;\" \/> <\/a> <\/div> <\/div> <div class=\"gallery-group\" style=\"width: 390px; height: 390px;\" data-original-width=\"390\" data-original-height=\"390\" > <div class=\"tiled-gallery-item \" itemprop=\"associatedMedia\" itemscope itemtype=\"http:\/\/schema.org\/ImageObject\"> <a href=\"https:\/\/vocella.de\/index.php\/winzer\/sizilien\/weingut-arianna-occhipinti\/attachment\/frappato\/\" border=\"0\" itemprop=\"url\"> <meta itemprop=\"width\" content=\"386\"> <meta itemprop=\"height\" content=\"386\"> <img decoding=\"async\" class=\"\" data-attachment-id=\"981\" data-orig-file=\"https:\/\/vocella.de\/wp-content\/uploads\/2018\/07\/frappato.jpg\" data-orig-size=\"478,717\" data-comments-opened=\"1\" data-image-meta=\"{&quot;aperture&quot;:&quot;0&quot;,&quot;credit&quot;:&quot;&quot;,&quot;camera&quot;:&quot;&quot;,&quot;caption&quot;:&quot;&quot;,&quot;created_timestamp&quot;:&quot;0&quot;,&quot;copyright&quot;:&quot;&quot;,&quot;focal_length&quot;:&quot;0&quot;,&quot;iso&quot;:&quot;0&quot;,&quot;shutter_speed&quot;:&quot;0&quot;,&quot;title&quot;:&quot;&quot;,&quot;orientation&quot;:&quot;0&quot;}\" data-image-title=\"Frappato\" data-image-description=\"\" data-medium-file=\"https:\/\/vocella.de\/wp-content\/uploads\/2018\/07\/frappato-400x600.jpg\" data-large-file=\"https:\/\/vocella.de\/wp-content\/uploads\/2018\/07\/frappato.jpg\" src=\"https:\/\/i0.wp.com\/vocella.de\/wp-content\/uploads\/2018\/07\/frappato.jpg?w=386&#038;h=386&#038;crop=1&#038;ssl=1\" width=\"386\" height=\"386\" loading=\"lazy\" data-original-width=\"386\" data-original-height=\"386\" itemprop=\"http:\/\/schema.org\/image\" title=\"Frappato\" alt=\"Frappato\" style=\"width: 386px; height: 386px;\" \/> <\/a> <\/div> <\/div> <\/div> <div class=\"gallery-row\" style=\"width: 1170px; height: 390px;\" data-original-width=\"1170\" data-original-height=\"390\" > <div class=\"gallery-group\" style=\"width: 390px; height: 390px;\" data-original-width=\"390\" data-original-height=\"390\" > <div class=\"tiled-gallery-item \" itemprop=\"associatedMedia\" itemscope itemtype=\"http:\/\/schema.org\/ImageObject\"> <a href=\"https:\/\/vocella.de\/index.php\/winzer\/sizilien\/weingut-arianna-occhipinti\/attachment\/grottealte\/\" border=\"0\" itemprop=\"url\"> <meta itemprop=\"width\" content=\"386\"> <meta itemprop=\"height\" content=\"386\"> <img decoding=\"async\" class=\"\" data-attachment-id=\"982\" data-orig-file=\"https:\/\/vocella.de\/wp-content\/uploads\/2018\/07\/grottealte.jpg\" data-orig-size=\"478,717\" data-comments-opened=\"1\" data-image-meta=\"{&quot;aperture&quot;:&quot;0&quot;,&quot;credit&quot;:&quot;&quot;,&quot;camera&quot;:&quot;&quot;,&quot;caption&quot;:&quot;&quot;,&quot;created_timestamp&quot;:&quot;0&quot;,&quot;copyright&quot;:&quot;&quot;,&quot;focal_length&quot;:&quot;0&quot;,&quot;iso&quot;:&quot;0&quot;,&quot;shutter_speed&quot;:&quot;0&quot;,&quot;title&quot;:&quot;&quot;,&quot;orientation&quot;:&quot;0&quot;}\" data-image-title=\"Grotte Alte\" data-image-description=\"\" data-medium-file=\"https:\/\/vocella.de\/wp-content\/uploads\/2018\/07\/grottealte-400x600.jpg\" data-large-file=\"https:\/\/vocella.de\/wp-content\/uploads\/2018\/07\/grottealte.jpg\" src=\"https:\/\/i0.wp.com\/vocella.de\/wp-content\/uploads\/2018\/07\/grottealte.jpg?w=386&#038;h=386&#038;crop=1&#038;ssl=1\" width=\"386\" height=\"386\" loading=\"lazy\" data-original-width=\"386\" data-original-height=\"386\" itemprop=\"http:\/\/schema.org\/image\" title=\"Grotte Alte\" alt=\"Grotte Alte\" style=\"width: 386px; height: 386px;\" \/> <\/a> <\/div> <\/div> <div class=\"gallery-group\" style=\"width: 390px; height: 390px;\" data-original-width=\"390\" data-original-height=\"390\" > <div class=\"tiled-gallery-item \" itemprop=\"associatedMedia\" itemscope itemtype=\"http:\/\/schema.org\/ImageObject\"> <a href=\"https:\/\/vocella.de\/index.php\/winzer\/sizilien\/weingut-arianna-occhipinti\/attachment\/passonero\/\" border=\"0\" itemprop=\"url\"> <meta itemprop=\"width\" content=\"386\"> <meta itemprop=\"height\" content=\"386\"> <img decoding=\"async\" class=\"\" data-attachment-id=\"983\" data-orig-file=\"https:\/\/vocella.de\/wp-content\/uploads\/2018\/07\/passonero.jpg\" data-orig-size=\"478,717\" data-comments-opened=\"1\" data-image-meta=\"{&quot;aperture&quot;:&quot;0&quot;,&quot;credit&quot;:&quot;&quot;,&quot;camera&quot;:&quot;&quot;,&quot;caption&quot;:&quot;&quot;,&quot;created_timestamp&quot;:&quot;0&quot;,&quot;copyright&quot;:&quot;&quot;,&quot;focal_length&quot;:&quot;0&quot;,&quot;iso&quot;:&quot;0&quot;,&quot;shutter_speed&quot;:&quot;0&quot;,&quot;title&quot;:&quot;&quot;,&quot;orientation&quot;:&quot;0&quot;}\" data-image-title=\"Passo Nero\" data-image-description=\"\" data-medium-file=\"https:\/\/vocella.de\/wp-content\/uploads\/2018\/07\/passonero-400x600.jpg\" data-large-file=\"https:\/\/vocella.de\/wp-content\/uploads\/2018\/07\/passonero.jpg\" src=\"https:\/\/i0.wp.com\/vocella.de\/wp-content\/uploads\/2018\/07\/passonero.jpg?w=386&#038;h=386&#038;crop=1&#038;ssl=1\" width=\"386\" height=\"386\" loading=\"lazy\" data-original-width=\"386\" data-original-height=\"386\" itemprop=\"http:\/\/schema.org\/image\" title=\"Passo Nero\" alt=\"Passo Nero\" style=\"width: 386px; height: 386px;\" \/> <\/a> <\/div> <\/div> <div class=\"gallery-group\" style=\"width: 390px; height: 390px;\" data-original-width=\"390\" data-original-height=\"390\" > <div class=\"tiled-gallery-item \" itemprop=\"associatedMedia\" itemscope itemtype=\"http:\/\/schema.org\/ImageObject\"> <a href=\"https:\/\/vocella.de\/index.php\/winzer\/sizilien\/weingut-arianna-occhipinti\/attachment\/siccagno\/\" border=\"0\" itemprop=\"url\"> <meta itemprop=\"width\" content=\"386\"> <meta itemprop=\"height\" content=\"386\"> <img decoding=\"async\" class=\"\" data-attachment-id=\"984\" data-orig-file=\"https:\/\/vocella.de\/wp-content\/uploads\/2018\/07\/siccagno.jpg\" data-orig-size=\"478,717\" data-comments-opened=\"1\" data-image-meta=\"{&quot;aperture&quot;:&quot;0&quot;,&quot;credit&quot;:&quot;&quot;,&quot;camera&quot;:&quot;&quot;,&quot;caption&quot;:&quot;&quot;,&quot;created_timestamp&quot;:&quot;0&quot;,&quot;copyright&quot;:&quot;&quot;,&quot;focal_length&quot;:&quot;0&quot;,&quot;iso&quot;:&quot;0&quot;,&quot;shutter_speed&quot;:&quot;0&quot;,&quot;title&quot;:&quot;&quot;,&quot;orientation&quot;:&quot;0&quot;}\" data-image-title=\"Siccagno\" data-image-description=\"\" data-medium-file=\"https:\/\/vocella.de\/wp-content\/uploads\/2018\/07\/siccagno-400x600.jpg\" data-large-file=\"https:\/\/vocella.de\/wp-content\/uploads\/2018\/07\/siccagno.jpg\" src=\"https:\/\/i0.wp.com\/vocella.de\/wp-content\/uploads\/2018\/07\/siccagno.jpg?w=386&#038;h=386&#038;crop=1&#038;ssl=1\" width=\"386\" height=\"386\" loading=\"lazy\" data-original-width=\"386\" data-original-height=\"386\" itemprop=\"http:\/\/schema.org\/image\" title=\"Siccagno\" alt=\"Siccagno\" style=\"width: 386px; height: 386px;\" \/> <\/a> <\/div> <\/div> <\/div> <\/div>\n<div style=\"padding: 5px; border: 1px solid #999; margin-bottom: 20px;\">\n<p class=\"western\"><strong>Key facts Azienda Agricola Arianna Occhipinti<\/strong><\/p>\n<p class=\"western\">Lage: Fossa di Lupo, Vittoria, Sizilien<br \/>\nFl\u00e4che: ca. 25ha Anbaufl\u00e4che<br \/>\nMenge: rund 130.000 Flaschen Produktion<br \/>\nReben: Moscato di Alessandria, Albanello, Frappato di Vittoria, Nero d\u2018Avola und Albanello<\/p>\n<p><a href=\"http:\/\/www.agricolaocchipinti.it\" target=\"_blank\" rel=\"noopener\">http:\/\/www.agricolaocchipinti.it<\/a><\/p>\n<\/div>\n","protected":false},"excerpt":{"rendered":"<p>Obwohl noch ein junger Betrieb (Gr\u00fcndung 2004) hat sich Arianna Occhipinti bereits ein betr\u00e4chtliches Renommee im Bereich der Bio-Weine erarbeitet. Diesem Ruf wollte ich bei meinem Besuch im letzten Sommer auf den Grund gehen. Obwohl als Alleininhaberin und Leiterin des [&hellip;]<\/p>\n","protected":false},"author":1,"featured_media":971,"comment_status":"open","ping_status":"open","sticky":false,"template":"","format":"standard","meta":{"jetpack_post_was_ever_published":false,"_jetpack_newsletter_access":"","_jetpack_dont_email_post_to_subs":false,"_jetpack_newsletter_tier_id":0,"_jetpack_memberships_contains_paywalled_content":false,"_jetpack_memberships_contains_paid_content":false,"footnotes":"","jetpack_publicize_message":"Weingut Arianna Occhipinti: Energieb\u00fcndel macht Power-Weine #occhipinti @AriOcchipinti #frappato #cerasuolo #nerodavola","jetpack_publicize_feature_enabled":true,"jetpack_social_post_already_shared":true,"jetpack_social_options":{"image_generator_settings":{"template":"highway","enabled":false},"version":2}},"categories":[174],"tags":[59,156,39,167,43,61,58,57,170],"class_list":["post-969","post","type-post","status-publish","format-standard","has-post-thumbnail","hentry","category-sizilien","tag-albanello","tag-bio-weinbau","tag-docg","tag-frappato","tag-igt","tag-moscato","tag-nero-davola","tag-sizilien","tag-vittoria"],"jetpack_publicize_connections":[],"aioseo_notices":[],"jetpack_featured_media_url":"https:\/\/vocella.de\/wp-content\/uploads\/2018\/07\/occhipinti-titel.jpg","jetpack_shortlink":"https:\/\/wp.me\/p6ozF3-fD","jetpack_sharing_enabled":true,"_links":{"self":[{"href":"https:\/\/vocella.de\/index.php\/wp-json\/wp\/v2\/posts\/969"}],"collection":[{"href":"https:\/\/vocella.de\/index.php\/wp-json\/wp\/v2\/posts"}],"about":[{"href":"https:\/\/vocella.de\/index.php\/wp-json\/wp\/v2\/types\/post"}],"author":[{"embeddable":true,"href":"https:\/\/vocella.de\/index.php\/wp-json\/wp\/v2\/users\/1"}],"replies":[{"embeddable":true,"href":"https:\/\/vocella.de\/index.php\/wp-json\/wp\/v2\/comments?post=969"}],"version-history":[{"count":0,"href":"https:\/\/vocella.de\/index.php\/wp-json\/wp\/v2\/posts\/969\/revisions"}],"wp:featuredmedia":[{"embeddable":true,"href":"https:\/\/vocella.de\/index.php\/wp-json\/wp\/v2\/media\/971"}],"wp:attachment":[{"href":"https:\/\/vocella.de\/index.php\/wp-json\/wp\/v2\/media?parent=969"}],"wp:term":[{"taxonomy":"category","embeddable":true,"href":"https:\/\/vocella.de\/index.php\/wp-json\/wp\/v2\/categories?post=969"},{"taxonomy":"post_tag","embeddable":true,"href":"https:\/\/vocella.de\/index.php\/wp-json\/wp\/v2\/tags?post=969"}],"curies":[{"name":"wp","href":"https:\/\/api.w.org\/{rel}","templated":true}]}}